{"id":403,"date":"2017-01-12T17:29:34","date_gmt":"2017-01-12T16:29:34","guid":{"rendered":"http:\/\/www.sicherheitsassistent.info\/?p=403"},"modified":"2017-01-12T17:33:18","modified_gmt":"2017-01-12T16:33:18","slug":"erfahrungsbericht-siass-bei-der-feuerwehrbereitschaft-1-northeim","status":"publish","type":"post","link":"https:\/\/www.sicherheitsassistent.info\/?p=403","title":{"rendered":"Erfahrungsbericht: SiAss bei der Feuerwehrbereitschaft 1 Northeim"},"content":{"rendered":"<p>Ein Kollege, den wir im letzten Jahr zum SiAss ausbilden durften, m\u00f6chten wir heute die Gelegenheit geben, aus seiner Sicht \u00fcber den aktuellen Stand zum Thema &#8222;Einsatzsicherheit&#8220; bei seiner Einheit zu berichten:<!--more--><\/p>\n<p><em>Hallo, ich mag mich kurz vorstellen: Mein Name ist <strong>Jan-Eric Loy<\/strong>, Oberbrandmeister und seit 2014 Mitglied der <strong>Feuerwehrbereitschaft 1 im Landkreis Northeim in Niedersachsen<\/strong>. Ich bin dort in der F\u00fchrungsgruppe t\u00e4tig und habe das Aufgabengebiet, des <strong>Sicherheitsbeauftragten<\/strong> \u00fcbernommen, da ich auch beruflich als technischer Angestellter, Klempnermeister und Dachdecker mit diesem Themengebiet besch\u00e4ftigt bin.<\/em><br \/>\n<em> Im Jahr 2016 habe ich <strong>Modul I und Modul II zum &#8222;Sicherheitsassistenten&#8220;<\/strong> in der Feuerwehr besucht, da das Thema Sicherheit auch in den Reihen der Feuerwehr eine sehr gro\u00dfe Rolle spielt.<\/em><br \/>\n<em> Die beiden Module, die durch Adrian Ridder durchgef\u00fchrt worden sind, sind sehr lehrreich und informativ, genau richtig auf das Thema Feuerwehr zugeschnitten. Ich hoffe, dass sich noch viele Kameradinnen\/Kameraden finden, die diese Module besuchen, die dem Thema <strong>&#8222;Sicherheit in der Feuerwehr&#8220;<\/strong> zugetan sind und sich somit f\u00fcr ein sicheres Arbeiten bei Eins\u00e4tzen und \u00dcbungsdiensten f\u00fcr Ihre Kameraden einsetzen.<\/em><br \/>\n<em> Bei uns in der Feuerwehrbereitschaft 1 Landkreis Northeim ist die Position des <strong>Sicherheitsassistenten fest verankert<\/strong>. Bei jeder \u00dcbung bzw. im Einsatz werde ich als <strong>Unterst\u00fctzung f\u00fcr den Einsatzleiter<\/strong> t\u00e4tig. Ich mache es im Prinzip so, dass ich die Einsatzstelle von vorne nach hinten abgehe\/abfahre und mir ein Bild der einzelnen Abschnitte mache. Das ganze <strong>dokumentiere<\/strong> ich mittels Digitalkamera und schriftlich auf einer <strong>Gef\u00e4hrdungsbeurteilung<\/strong>, welche ich erstellt habe. Eine Kenntlichmachung des &#8222;Sicherheitsassistenten&#8220; erfolgt bei uns mit Hilfe einer <strong>Funktionsweste<\/strong>, wie in beiliegenden Fotos gezeigt.<\/em><br \/>\n<em> Gerne halte ich euch von Zeit zu Zeit mal \u00fcber meine laufende Arbeit als Sicherheitsassistent auf dem Laufenden und werde berichten.<\/em><br \/>\n<em> Viele Gr\u00fc\u00dfe,<\/em><\/p>\n<p><em>Jan-Eric<\/em><\/p>\n<p><img loading=\"lazy\" decoding=\"async\" class=\"alignnone size-medium wp-image-406\" src=\"http:\/\/www.sicherheitsassistent.info\/wp-content\/uploads\/2017\/01\/Jan-Eric-Loy-Foto-300x300.jpg\" alt=\"\" width=\"300\" height=\"300\" srcset=\"https:\/\/www.sicherheitsassistent.info\/wp-content\/uploads\/2017\/01\/Jan-Eric-Loy-Foto-300x300.jpg 300w, https:\/\/www.sicherheitsassistent.info\/wp-content\/uploads\/2017\/01\/Jan-Eric-Loy-Foto-150x150.jpg 150w, https:\/\/www.sicherheitsassistent.info\/wp-content\/uploads\/2017\/01\/Jan-Eric-Loy-Foto-768x768.jpg 768w, https:\/\/www.sicherheitsassistent.info\/wp-content\/uploads\/2017\/01\/Jan-Eric-Loy-Foto-100x100.jpg 100w, https:\/\/www.sicherheitsassistent.info\/wp-content\/uploads\/2017\/01\/Jan-Eric-Loy-Foto-200x200.jpg 200w, https:\/\/www.sicherheitsassistent.info\/wp-content\/uploads\/2017\/01\/Jan-Eric-Loy-Foto-450x450.jpg 450w, https:\/\/www.sicherheitsassistent.info\/wp-content\/uploads\/2017\/01\/Jan-Eric-Loy-Foto-600x600.jpg 600w, https:\/\/www.sicherheitsassistent.info\/wp-content\/uploads\/2017\/01\/Jan-Eric-Loy-Foto-900x900.jpg 900w, https:\/\/www.sicherheitsassistent.info\/wp-content\/uploads\/2017\/01\/Jan-Eric-Loy-Foto.jpg 960w\" sizes=\"auto, (max-width: 300px) 100vw, 300px\" \/> <img loading=\"lazy\" decoding=\"async\" class=\"alignnone size-medium wp-image-407\" src=\"http:\/\/www.sicherheitsassistent.info\/wp-content\/uploads\/2017\/01\/Logo-FwBereitschaft-Northeim-300x231.jpg\" alt=\"\" width=\"300\" height=\"231\" srcset=\"https:\/\/www.sicherheitsassistent.info\/wp-content\/uploads\/2017\/01\/Logo-FwBereitschaft-Northeim-300x231.jpg 300w, https:\/\/www.sicherheitsassistent.info\/wp-content\/uploads\/2017\/01\/Logo-FwBereitschaft-Northeim-100x77.jpg 100w, https:\/\/www.sicherheitsassistent.info\/wp-content\/uploads\/2017\/01\/Logo-FwBereitschaft-Northeim-150x115.jpg 150w, https:\/\/www.sicherheitsassistent.info\/wp-content\/uploads\/2017\/01\/Logo-FwBereitschaft-Northeim-200x154.jpg 200w, https:\/\/www.sicherheitsassistent.info\/wp-content\/uploads\/2017\/01\/Logo-FwBereitschaft-Northeim-450x346.jpg 450w, https:\/\/www.sicherheitsassistent.info\/wp-content\/uploads\/2017\/01\/Logo-FwBereitschaft-Northeim-600x462.jpg 600w, https:\/\/www.sicherheitsassistent.info\/wp-content\/uploads\/2017\/01\/Logo-FwBereitschaft-Northeim.jpg 660w\" sizes=\"auto, (max-width: 300px) 100vw, 300px\" \/> <img loading=\"lazy\" decoding=\"async\" class=\"alignnone size-medium wp-image-405\" src=\"http:\/\/www.sicherheitsassistent.info\/wp-content\/uploads\/2017\/01\/SiAss-Weste-Northeim-2-225x300.jpg\" alt=\"\" width=\"225\" height=\"300\" srcset=\"https:\/\/www.sicherheitsassistent.info\/wp-content\/uploads\/2017\/01\/SiAss-Weste-Northeim-2-225x300.jpg 225w, https:\/\/www.sicherheitsassistent.info\/wp-content\/uploads\/2017\/01\/SiAss-Weste-Northeim-2-100x133.jpg 100w, https:\/\/www.sicherheitsassistent.info\/wp-content\/uploads\/2017\/01\/SiAss-Weste-Northeim-2-150x200.jpg 150w, https:\/\/www.sicherheitsassistent.info\/wp-content\/uploads\/2017\/01\/SiAss-Weste-Northeim-2-200x267.jpg 200w, https:\/\/www.sicherheitsassistent.info\/wp-content\/uploads\/2017\/01\/SiAss-Weste-Northeim-2-300x400.jpg 300w, https:\/\/www.sicherheitsassistent.info\/wp-content\/uploads\/2017\/01\/SiAss-Weste-Northeim-2-450x600.jpg 450w, https:\/\/www.sicherheitsassistent.info\/wp-content\/uploads\/2017\/01\/SiAss-Weste-Northeim-2-600x800.jpg 600w, https:\/\/www.sicherheitsassistent.info\/wp-content\/uploads\/2017\/01\/SiAss-Weste-Northeim-2.jpg 720w\" sizes=\"auto, (max-width: 225px) 100vw, 225px\" \/> <img loading=\"lazy\" decoding=\"async\" class=\"alignnone size-medium wp-image-404\" src=\"http:\/\/www.sicherheitsassistent.info\/wp-content\/uploads\/2017\/01\/SiAss-Weste-Northeim-1-225x300.jpg\" alt=\"\" width=\"225\" height=\"300\" srcset=\"https:\/\/www.sicherheitsassistent.info\/wp-content\/uploads\/2017\/01\/SiAss-Weste-Northeim-1-225x300.jpg 225w, https:\/\/www.sicherheitsassistent.info\/wp-content\/uploads\/2017\/01\/SiAss-Weste-Northeim-1-100x133.jpg 100w, https:\/\/www.sicherheitsassistent.info\/wp-content\/uploads\/2017\/01\/SiAss-Weste-Northeim-1-150x200.jpg 150w, https:\/\/www.sicherheitsassistent.info\/wp-content\/uploads\/2017\/01\/SiAss-Weste-Northeim-1-200x267.jpg 200w, https:\/\/www.sicherheitsassistent.info\/wp-content\/uploads\/2017\/01\/SiAss-Weste-Northeim-1-300x400.jpg 300w, https:\/\/www.sicherheitsassistent.info\/wp-content\/uploads\/2017\/01\/SiAss-Weste-Northeim-1-450x600.jpg 450w, https:\/\/www.sicherheitsassistent.info\/wp-content\/uploads\/2017\/01\/SiAss-Weste-Northeim-1-600x800.jpg 600w, https:\/\/www.sicherheitsassistent.info\/wp-content\/uploads\/2017\/01\/SiAss-Weste-Northeim-1.jpg 720w\" sizes=\"auto, (max-width: 225px) 100vw, 225px\" \/><\/p>\n<p>&nbsp;<\/p>\n<p><em>\u00a0<\/em><\/p>\n<p>&nbsp;<\/p>\n<p>&nbsp;<\/p>\n","protected":false},"excerpt":{"rendered":"<p>Ein Kollege, den wir im letzten Jahr zum SiAss ausbilden durften, m\u00f6chten wir heute die Gelegenheit geben, aus seiner Sicht \u00fcber den aktuellen Stand zum Thema &#8222;Einsatzsicherheit&#8220; bei seiner Einheit zu berichten:<\/p>\n","protected":false},"author":2,"featured_media":406,"comment_status":"closed","ping_status":"closed","sticky":false,"template":"","format":"standard","meta":{"footnotes":""},"categories":[1],"tags":[],"class_list":["post-403","post","type-post","status-publish","format-standard","has-post-thumbnail","hentry","category-aktuelles"],"_links":{"self":[{"href":"https:\/\/www.sicherheitsassistent.info\/index.php?rest_route=\/wp\/v2\/posts\/403","targetHints":{"allow":["GET"]}}],"collection":[{"href":"https:\/\/www.sicherheitsassistent.info\/index.php?rest_route=\/wp\/v2\/posts"}],"about":[{"href":"https:\/\/www.sicherheitsassistent.info\/index.php?rest_route=\/wp\/v2\/types\/post"}],"author":[{"embeddable":true,"href":"https:\/\/www.sicherheitsassistent.info\/index.php?rest_route=\/wp\/v2\/users\/2"}],"replies":[{"embeddable":true,"href":"https:\/\/www.sicherheitsassistent.info\/index.php?rest_route=%2Fwp%2Fv2%2Fcomments&post=403"}],"version-history":[{"count":3,"href":"https:\/\/www.sicherheitsassistent.info\/index.php?rest_route=\/wp\/v2\/posts\/403\/revisions"}],"predecessor-version":[{"id":410,"href":"https:\/\/www.sicherheitsassistent.info\/index.php?rest_route=\/wp\/v2\/posts\/403\/revisions\/410"}],"wp:featuredmedia":[{"embeddable":true,"href":"https:\/\/www.sicherheitsassistent.info\/index.php?rest_route=\/wp\/v2\/media\/406"}],"wp:attachment":[{"href":"https:\/\/www.sicherheitsassistent.info\/index.php?rest_route=%2Fwp%2Fv2%2Fmedia&parent=403"}],"wp:term":[{"taxonomy":"category","embeddable":true,"href":"https:\/\/www.sicherheitsassistent.info\/index.php?rest_route=%2Fwp%2Fv2%2Fcategories&post=403"},{"taxonomy":"post_tag","embeddable":true,"href":"https:\/\/www.sicherheitsassistent.info\/index.php?rest_route=%2Fwp%2Fv2%2Ftags&post=403"}],"curies":[{"name":"wp","href":"https:\/\/api.w.org\/{rel}","templated":true}]}}